{"id":1183,"date":"2024-06-15T11:05:04","date_gmt":"2024-06-15T09:05:04","guid":{"rendered":"https:\/\/www.lechampdesvolcans.fr\/?p=1183"},"modified":"2025-03-25T10:09:44","modified_gmt":"2025-03-25T09:09:44","slug":"mauvais-temps-pour-les-potagers","status":"publish","type":"post","link":"https:\/\/www.lechampdesvolcans.fr\/index.php\/2024\/06\/15\/mauvais-temps-pour-les-potagers\/","title":{"rendered":"Mauvais temps pour les potagers"},"content":{"rendered":"\n<div class=\"wp-block-media-text is-stacked-on-mobile\" style=\"grid-template-columns:33% auto\"><figure class=\"wp-block-media-text__media\"><img loading=\"lazy\" decoding=\"async\" width=\"768\" height=\"1024\" src=\"https:\/\/www.lechampdesvolcans.fr\/wp-content\/uploads\/2024\/06\/Courgette-768x1024.jpg\" alt=\"\" class=\"wp-image-1184 size-full\" srcset=\"https:\/\/www.lechampdesvolcans.fr\/wp-content\/uploads\/2024\/06\/Courgette-768x1024.jpg 768w, https:\/\/www.lechampdesvolcans.fr\/wp-content\/uploads\/2024\/06\/Courgette-225x300.jpg 225w, https:\/\/www.lechampdesvolcans.fr\/wp-content\/uploads\/2024\/06\/Courgette-1152x1536.jpg 1152w, https:\/\/www.lechampdesvolcans.fr\/wp-content\/uploads\/2024\/06\/Courgette-1536x2048.jpg 1536w, https:\/\/www.lechampdesvolcans.fr\/wp-content\/uploads\/2024\/06\/Courgette-scaled.jpg 1920w\" sizes=\"auto, (max-width: 768px) 100vw, 768px\" \/><\/figure><div class=\"wp-block-media-text__content\">\n<p class=\"has-black-color has-text-color has-link-color has-ubuntu-font-family wp-elements-1 wp-block-paragraph\" style=\"font-size:17px\">Les temps sont durs pour les jardins en ce moment. Entre la pluie, le vent et les nuits fraiches vos plants ont du mal \u00e0 se d\u00e9velopper.<\/p>\n\n\n\n<p class=\"has-black-color has-text-color has-link-color has-ubuntu-font-family wp-elements-2 wp-block-paragraph\" style=\"font-size:17px\"><br>Heureusement le miscanthus aide le sol \u00e0 r\u00e9guler sa temp\u00e9rature et le prot\u00e8ge des pluies battantes.<\/p>\n\n\n\n<p class=\"has-black-color has-text-color has-link-color has-ubuntu-font-family wp-elements-3 wp-block-paragraph\" style=\"font-size:17px\">Il emp\u00eache \u00e9galement les feuilles de vos plants de toucher la terre, vecteur de maladie telle que le mildiou.<\/p>\n\n\n\n<p class=\"has-black-color has-text-color has-link-color has-ubuntu-font-family wp-elements-4 wp-block-paragraph\" style=\"font-size:17px\">Maintenant pour vos cultures, il ne reste plus qu&rsquo;\u00e0 attendre que le soleil veuille bien enfin appara\u00eetre.<\/p>\n<\/div><\/div>\n","protected":false},"excerpt":{"rendered":"<p>Les temps sont durs pour les jardins en ce moment. Entre la pluie, le vent et les nuits fraiches vos plants ont du mal \u00e0 se d\u00e9velopper. Heureusement le miscanthus aide le sol \u00e0 r\u00e9guler sa temp\u00e9rature et le prot\u00e8ge des pluies battantes. Il emp\u00eache \u00e9galement les feuilles de vos plants de toucher la terre, [&hellip;]<\/p>\n","protected":false},"author":1,"featured_media":1184,"comment_status":"open","ping_status":"open","sticky":false,"template":"","format":"standard","meta":{"_eb_attr":"","footnotes":""},"categories":[6],"tags":[],"class_list":["post-1183","post","type-post","status-publish","format-standard","has-post-thumbnail","hentry","category-paillage-horticole"],"_links":{"self":[{"href":"https:\/\/www.lechampdesvolcans.fr\/index.php\/wp-json\/wp\/v2\/posts\/1183","targetHints":{"allow":["GET"]}}],"collection":[{"href":"https:\/\/www.lechampdesvolcans.fr\/index.php\/wp-json\/wp\/v2\/posts"}],"about":[{"href":"https:\/\/www.lechampdesvolcans.fr\/index.php\/wp-json\/wp\/v2\/types\/post"}],"author":[{"embeddable":true,"href":"https:\/\/www.lechampdesvolcans.fr\/index.php\/wp-json\/wp\/v2\/users\/1"}],"replies":[{"embeddable":true,"href":"https:\/\/www.lechampdesvolcans.fr\/index.php\/wp-json\/wp\/v2\/comments?post=1183"}],"version-history":[{"count":2,"href":"https:\/\/www.lechampdesvolcans.fr\/index.php\/wp-json\/wp\/v2\/posts\/1183\/revisions"}],"predecessor-version":[{"id":1279,"href":"https:\/\/www.lechampdesvolcans.fr\/index.php\/wp-json\/wp\/v2\/posts\/1183\/revisions\/1279"}],"wp:featuredmedia":[{"embeddable":true,"href":"https:\/\/www.lechampdesvolcans.fr\/index.php\/wp-json\/wp\/v2\/media\/1184"}],"wp:attachment":[{"href":"https:\/\/www.lechampdesvolcans.fr\/index.php\/wp-json\/wp\/v2\/media?parent=1183"}],"wp:term":[{"taxonomy":"category","embeddable":true,"href":"https:\/\/www.lechampdesvolcans.fr\/index.php\/wp-json\/wp\/v2\/categories?post=1183"},{"taxonomy":"post_tag","embeddable":true,"href":"https:\/\/www.lechampdesvolcans.fr\/index.php\/wp-json\/wp\/v2\/tags?post=1183"}],"curies":[{"name":"wp","href":"https:\/\/api.w.org\/{rel}","templated":true}]}}